{"id":1361,"date":"2025-05-09T11:27:48","date_gmt":"2025-05-09T09:27:48","guid":{"rendered":"https:\/\/www.forensia.it\/?p=1361"},"modified":"2025-05-09T11:27:48","modified_gmt":"2025-05-09T09:27:48","slug":"%f0%9f%94%93-nessun-limite-comunale-agli-affitti-brevi-se-non-ce-attivita-imprenditoriale","status":"publish","type":"post","link":"https:\/\/www.forensia.it\/index.php\/2025\/05\/09\/%f0%9f%94%93-nessun-limite-comunale-agli-affitti-brevi-se-non-ce-attivita-imprenditoriale\/","title":{"rendered":"\ud83d\udd13 Nessun limite comunale agli affitti brevi se non c\u2019\u00e8 attivit\u00e0 imprenditoriale"},"content":{"rendered":"<h3 class=\"\" data-start=\"503\" data-end=\"595\">Cosa dice davvero la sentenza del Consiglio di Stato e perch\u00e9 cambia le regole del gioco<\/h3>\n<p class=\"\" data-start=\"597\" data-end=\"897\">\ud83d\udccc <strong data-start=\"600\" data-end=\"640\">Affitti brevi e locazioni turistiche<\/strong>: un tema che accende il dibattito in tutte le principali citt\u00e0 italiane. Ma con una recente sentenza il <strong data-start=\"745\" data-end=\"767\">Consiglio di Stato<\/strong> ha chiarito un principio fondamentale:<br data-start=\"806\" data-end=\"809\" \/>\ud83d\udc49 <strong data-start=\"812\" data-end=\"897\">se l\u2019attivit\u00e0 non \u00e8 imprenditoriale, i Comuni non possono porre limiti arbitrari.<\/strong><\/p>\n<p class=\"\" data-start=\"899\" data-end=\"1012\">Vediamo cosa \u00e8 successo, perch\u00e9 \u00e8 importante per proprietari, agenti e sviluppatori\u2026 e cosa cambia nella pratica.<\/p>\n<hr class=\"\" data-start=\"1014\" data-end=\"1017\" \/>\n<h3 class=\"\" data-start=\"1019\" data-end=\"1076\">\ud83e\uddd1\u200d\u2696\ufe0f Il caso: due appartamenti e un diniego comunale<\/h3>\n<p class=\"\" data-start=\"1078\" data-end=\"1336\">Una proprietaria di due appartamenti a Sirmione si \u00e8 vista <strong data-start=\"1137\" data-end=\"1160\">bloccare dal Comune<\/strong> la possibilit\u00e0 di locare gli immobili a fini turistici. Il motivo? La mancanza (secondo l\u2019amministrazione) di alcuni titoli edilizi e la richiesta di ulteriori documentazioni.<\/p>\n<p class=\"\" data-start=\"1338\" data-end=\"1534\">Il Comune aveva applicato la <strong data-start=\"1367\" data-end=\"1395\">legge regionale lombarda<\/strong> (L.R. 27\/2015), secondo la quale \u00e8 obbligatoria una comunicazione di inizio attivit\u00e0 anche per le locazioni brevi <strong data-start=\"1510\" data-end=\"1533\">non imprenditoriali<\/strong>.<\/p>\n<p class=\"\" data-start=\"1536\" data-end=\"1563\">\ud83d\udc49 Ma qui arriva la svolta.<\/p>\n<hr class=\"\" data-start=\"1565\" data-end=\"1568\" \/>\n<h3 class=\"\" data-start=\"1570\" data-end=\"1626\">\u2696\ufe0f La sentenza del Consiglio di Stato (n. 2928\/2025)<\/h3>\n<p class=\"\" data-start=\"1628\" data-end=\"1778\">Il Consiglio di Stato ha stabilito che <strong data-start=\"1667\" data-end=\"1712\">solo le attivit\u00e0 in forma imprenditoriale<\/strong> sono soggette a <strong data-start=\"1729\" data-end=\"1778\">Scia, controlli e limiti da parte del Comune.<\/strong><\/p>\n<p class=\"\" data-start=\"1780\" data-end=\"1796\">In altre parole:<\/p>\n<blockquote data-start=\"1798\" data-end=\"2010\">\n<p class=\"\" data-start=\"1800\" data-end=\"2010\">\u2705 <strong data-start=\"1802\" data-end=\"1896\">La locazione breve non imprenditoriale \u00e8 un atto di libert\u00e0 contrattuale del proprietario.<\/strong><br data-start=\"1896\" data-end=\"1899\" \/>\ud83d\udeab I Comuni <strong data-start=\"1913\" data-end=\"1938\">non possono impedirla<\/strong> n\u00e9 richiedere adempimenti non previsti dalla legge statale o regionale.<\/p>\n<\/blockquote>\n<hr class=\"\" data-start=\"2012\" data-end=\"2015\" \/>\n<h3 class=\"\" data-start=\"2017\" data-end=\"2061\">\ud83d\udcd8 Cosa prevede oggi la legge nazionale?<\/h3>\n<p class=\"\" data-start=\"2063\" data-end=\"2230\">Con il <strong data-start=\"2070\" data-end=\"2096\">Decreto-legge 145\/2023<\/strong>, convertito in <strong data-start=\"2112\" data-end=\"2130\">Legge 191\/2023<\/strong>, \u00e8 stato introdotto il <strong data-start=\"2154\" data-end=\"2195\">Codice Identificativo Nazionale (CIN)<\/strong> per tutte le strutture turistiche.<\/p>\n<p class=\"\" data-start=\"2232\" data-end=\"2365\">\ud83d\udccc Ma attenzione: <strong data-start=\"2250\" data-end=\"2296\">solo le locazioni in forma imprenditoriale<\/strong> devono presentare la <strong data-start=\"2318\" data-end=\"2326\">Scia<\/strong> e rispettare <strong data-start=\"2340\" data-end=\"2364\">requisiti pi\u00f9 rigidi<\/strong>.<\/p>\n<p class=\"\" data-start=\"2367\" data-end=\"2417\">In ogni caso, anche le locazioni \u201cprivate\u201d devono:<\/p>\n<ul data-start=\"2418\" data-end=\"2557\">\n<li class=\"\" data-start=\"2418\" data-end=\"2469\">\n<p class=\"\" data-start=\"2420\" data-end=\"2469\">\ud83e\uddef essere dotate di estintori e rilevatori di gas<\/p>\n<\/li>\n<li class=\"\" data-start=\"2470\" data-end=\"2557\">\n<p class=\"\" data-start=\"2472\" data-end=\"2557\">\ud83c\udfe0 rispettare i requisiti edilizi e igienico-sanitari validi per qualsiasi abitazione<\/p>\n<\/li>\n<\/ul>\n<hr class=\"\" data-start=\"2559\" data-end=\"2562\" \/>\n<h3 class=\"\" data-start=\"2564\" data-end=\"2609\">\ud83c\udfd9\ufe0f I regolamenti comunali ora vacillano?<\/h3>\n<p class=\"\" data-start=\"2611\" data-end=\"2808\">S\u00ec. Regolamenti locali (come quelli di Firenze, Roma o Venezia) che tentano di limitare <strong data-start=\"2699\" data-end=\"2718\">anche i privati<\/strong> rischiano ora di essere <strong data-start=\"2743\" data-end=\"2808\">in contrasto con il quadro normativo nazionale e comunitario.<\/strong><\/p>\n<p class=\"\" data-start=\"2810\" data-end=\"2843\">Come dice Marco Celani (AIGAB):<\/p>\n<blockquote data-start=\"2844\" data-end=\"2928\">\n<p class=\"\" data-start=\"2846\" data-end=\"2928\">\u201cUna sentenza che far\u00e0 scuola. I Comuni non possono pi\u00f9 imporre limiti arbitrari.\u201d<\/p>\n<\/blockquote>\n<hr class=\"\" data-start=\"2930\" data-end=\"2933\" \/>\n<h3 class=\"\" data-start=\"2935\" data-end=\"2962\">\ud83d\udcac Le reazioni? Divise.<\/h3>\n<ul data-start=\"2964\" data-end=\"3230\">\n<li class=\"\" data-start=\"2964\" data-end=\"3080\">\n<p class=\"\" data-start=\"2966\" data-end=\"3080\">\ud83d\ude1f <strong data-start=\"2969\" data-end=\"2995\">Confindustria Alberghi<\/strong> chiede una norma nazionale che dia ai Sindaci strumenti per controllare il fenomeno.<\/p>\n<\/li>\n<li class=\"\" data-start=\"3081\" data-end=\"3230\">\n<p class=\"\" data-start=\"3083\" data-end=\"3230\">\ud83c\udf89 <strong data-start=\"3086\" data-end=\"3125\">Property Manager e privati locatori<\/strong> applaudono: finalmente una linea chiara che distingue il piccolo proprietario dal gestore professionale.<\/p>\n<\/li>\n<\/ul>\n<hr class=\"\" data-start=\"3232\" data-end=\"3235\" \/>\n<h3 class=\"\" data-start=\"3237\" data-end=\"3272\">\ud83c\udfaf Cosa significa per te, oggi?<\/h3>\n<p class=\"\" data-start=\"3274\" data-end=\"3284\">Se sei un:<\/p>\n<ul data-start=\"3285\" data-end=\"3467\">\n<li class=\"\" data-start=\"3285\" data-end=\"3349\">\n<p class=\"\" data-start=\"3287\" data-end=\"3349\"><strong data-start=\"3287\" data-end=\"3303\">proprietario<\/strong> che affitta qualche immobile a fini turistici<\/p>\n<\/li>\n<li class=\"\" data-start=\"3350\" data-end=\"3408\">\n<p class=\"\" data-start=\"3352\" data-end=\"3408\"><strong data-start=\"3352\" data-end=\"3374\">agente immobiliare<\/strong> che gestisce patrimoni di privati<\/p>\n<\/li>\n<li class=\"\" data-start=\"3409\" data-end=\"3467\">\n<p class=\"\" data-start=\"3411\" data-end=\"3467\"><strong data-start=\"3411\" data-end=\"3427\">sviluppatore<\/strong> che riconverte immobili a uso turistico<\/p>\n<\/li>\n<\/ul>\n<p class=\"\" data-start=\"3469\" data-end=\"3570\">\ud83d\udc49 <strong data-start=\"3472\" data-end=\"3514\">Questa sentenza ti offre tutele in pi\u00f9<\/strong> contro regolamenti comunali eccessivamente restrittivi.<\/p>\n<hr class=\"\" data-start=\"3572\" data-end=\"3575\" \/>\n<h2 class=\"\" data-start=\"3577\" data-end=\"3637\">\ud83d\udcde Vuoi capire se il tuo modello di gestione \u00e8 in regola?<\/h2>\n<p class=\"\" data-start=\"3639\" data-end=\"3833\"><strong data-start=\"3639\" data-end=\"3651\">Scrivimi<\/strong> per una consulenza mirata sul tuo caso:<br data-start=\"3691\" data-end=\"3694\" \/>\ud83d\udce7 analizziamo il tuo assetto e verifichiamo <strong data-start=\"3739\" data-end=\"3792\">come metterti al riparo da rischi e contestazioni<\/strong>, sfruttando le nuove aperture normative.<\/p>\n<blockquote data-start=\"3835\" data-end=\"3905\">\n<p class=\"\" data-start=\"3837\" data-end=\"3905\">\ud83d\udcf2 <strong data-start=\"3840\" data-end=\"3858\">Contattami ora<\/strong> e porta la tua attivit\u00e0 su basi legali solide.<\/p>\n<\/blockquote>\n","protected":false},"excerpt":{"rendered":"<p>\ud83d\udccc Affitti brevi e locazioni turistiche: un tema che accende il dibattito in tutte le principali citt\u00e0 italiane. Ma con una recente sentenza il Consiglio di Stato ha chiarito un principio fondamentale:<br \/>\n\ud83d\udc49 se l\u2019attivit\u00e0 non \u00e8 imprenditoriale, i Comuni non possono porre limiti arbitrari.<\/p>\n","protected":false},"author":1,"featured_media":1311,"comment_status":"closed","ping_status":"closed","sticky":false,"template":"","format":"standard","meta":{"_joinchat":[],"footnotes":""},"categories":[1],"tags":[],"class_list":["post-1361","post","type-post","status-publish","format-standard","has-post-thumbnail","hentry","category-senza-categoria"],"_links":{"self":[{"href":"https:\/\/www.forensia.it\/index.php\/wp-json\/wp\/v2\/posts\/1361","targetHints":{"allow":["GET"]}}],"collection":[{"href":"https:\/\/www.forensia.it\/index.php\/wp-json\/wp\/v2\/posts"}],"about":[{"href":"https:\/\/www.forensia.it\/index.php\/wp-json\/wp\/v2\/types\/post"}],"author":[{"embeddable":true,"href":"https:\/\/www.forensia.it\/index.php\/wp-json\/wp\/v2\/users\/1"}],"replies":[{"embeddable":true,"href":"https:\/\/www.forensia.it\/index.php\/wp-json\/wp\/v2\/comments?post=1361"}],"version-history":[{"count":1,"href":"https:\/\/www.forensia.it\/index.php\/wp-json\/wp\/v2\/posts\/1361\/revisions"}],"predecessor-version":[{"id":1362,"href":"https:\/\/www.forensia.it\/index.php\/wp-json\/wp\/v2\/posts\/1361\/revisions\/1362"}],"wp:featuredmedia":[{"embeddable":true,"href":"https:\/\/www.forensia.it\/index.php\/wp-json\/wp\/v2\/media\/1311"}],"wp:attachment":[{"href":"https:\/\/www.forensia.it\/index.php\/wp-json\/wp\/v2\/media?parent=1361"}],"wp:term":[{"taxonomy":"category","embeddable":true,"href":"https:\/\/www.forensia.it\/index.php\/wp-json\/wp\/v2\/categories?post=1361"},{"taxonomy":"post_tag","embeddable":true,"href":"https:\/\/www.forensia.it\/index.php\/wp-json\/wp\/v2\/tags?post=1361"}],"curies":[{"name":"wp","href":"https:\/\/api.w.org\/{rel}","templated":true}]}}